{"id":799,"date":"2026-02-02T11:36:21","date_gmt":"2026-02-02T14:36:21","guid":{"rendered":"https:\/\/www.fundacionedison.org.ar\/?p=799"},"modified":"2026-02-02T12:20:58","modified_gmt":"2026-02-02T15:20:58","slug":"creacion-del-polo-educativo-de-guaymallen","status":"publish","type":"post","link":"https:\/\/www.fundacionedison.org.ar\/index.php\/2026\/02\/02\/creacion-del-polo-educativo-de-guaymallen\/","title":{"rendered":"Creaci\u00f3n del Polo Educativo de Guaymall\u00e9n"},"content":{"rendered":"<p>Un gran d\u00eda para la educaci\u00f3n de Guaymall\u00e9n.<\/p>\n<p>Diferentes organizaciones educativas junto al intendente de Gll\u00e9n. Marcos Calvente firmamos el convenio marco para la creaci\u00f3n del Polo Educativo.<\/p>\n<p>Espacio que re\u00fane a referentes que tienen como prop\u00f3sito potenciar las articulaciones entre mercado laboral- innovaci\u00f3n- tecnolog\u00eda y educaci\u00f3n.<\/p>\n<p><strong>Instituciones fundadoras:<\/strong><\/p>\n<ul>\n<li>Universidad Juan Agust\u00edn Maza<\/li>\n<li>Fundaci\u00f3n Tom\u00e1s Alva Edison<\/li>\n<li>Instituto Universitario de Ciencias Empresariales (IUCE)}<\/li>\n<li>Instituto de Educaci\u00f3n Superior 9-015 Valle de Uco (IESVU)<\/li>\n<\/ul>\n<div style=\"width: 720px;\" class=\"wp-video\"><!--[if lt IE 9]><script>document.createElement('video');<\/script><![endif]-->\n<video class=\"wp-video-shortcode\" id=\"video-799-1\" width=\"720\" height=\"1280\" preload=\"metadata\" controls=\"controls\"><source type=\"video\/mp4\" src=\"https:\/\/www.fundacionedison.org.ar\/wp-content\/uploads\/2026\/02\/\ud83d\udcda-\ud835\uddda\ud835\ude02\ud835\uddee\ud835\ude06\ud835\uddfa\ud835\uddee\ud835\uddf9\ud835\uddf9\ud835\uddf2\u0301\ud835\uddfb-\ud835\uddf0\ud835\uddff\ud835\uddf2\ud835\uddee-\ud835\ude00\ud835\ude02-\ud835\udde3\ud835\uddfc\ud835\uddf9\ud835\uddfc-\ud835\uddd8\ud835\uddf1\ud835\ude02\ud835\uddf0\ud835\uddee\ud835\ude01\ud835\uddf6\ud835\ude03\ud835\uddfcLa-Municipalidad-y-cuatro-inst.mp4?_=1\" \/><a href=\"https:\/\/www.fundacionedison.org.ar\/wp-content\/uploads\/2026\/02\/\ud83d\udcda-\ud835\uddda\ud835\ude02\ud835\uddee\ud835\ude06\ud835\uddfa\ud835\uddee\ud835\uddf9\ud835\uddf9\ud835\uddf2\u0301\ud835\uddfb-\ud835\uddf0\ud835\uddff\ud835\uddf2\ud835\uddee-\ud835\ude00\ud835\ude02-\ud835\udde3\ud835\uddfc\ud835\uddf9\ud835\uddfc-\ud835\uddd8\ud835\uddf1\ud835\ude02\ud835\uddf0\ud835\uddee\ud835\ude01\ud835\uddf6\ud835\ude03\ud835\uddfcLa-Municipalidad-y-cuatro-inst.mp4\">https:\/\/www.fundacionedison.org.ar\/wp-content\/uploads\/2026\/02\/\ud83d\udcda-\ud835\uddda\ud835\ude02\ud835\uddee\ud835\ude06\ud835\uddfa\ud835\uddee\ud835\uddf9\ud835\uddf9\ud835\uddf2\u0301\ud835\uddfb-\ud835\uddf0\ud835\uddff\ud835\uddf2\ud835\uddee-\ud835\ude00\ud835\ude02-\ud835\udde3\ud835\uddfc\ud835\uddf9\ud835\uddfc-\ud835\uddd8\ud835\uddf1\ud835\ude02\ud835\uddf0\ud835\uddee\ud835\ude01\ud835\uddf6\ud835\ude03\ud835\uddfcLa-Municipalidad-y-cuatro-inst.mp4<\/a><\/video><\/div>\n","protected":false},"excerpt":{"rendered":"<p>Un gran d\u00eda para la educaci\u00f3n de Guaymall\u00e9n. Diferentes organizaciones educativas junto al intendente de Gll\u00e9n. Marcos Calvente firmamos el convenio marco para la creaci\u00f3n del Polo Educativo. Espacio que re\u00fane a referentes que tienen como prop\u00f3sito potenciar las articulaciones entre mercado laboral- innovaci\u00f3n- tecnolog\u00eda y educaci\u00f3n. Instituciones fundadoras: Universidad Juan Agust\u00edn Maza Fundaci\u00f3n Tom\u00e1s [&hellip;]<\/p>\n","protected":false},"author":1,"featured_media":801,"comment_status":"closed","ping_status":"open","sticky":false,"template":"","format":"standard","meta":[],"categories":[1],"tags":[],"acf":[],"_links":{"self":[{"href":"https:\/\/www.fundacionedison.org.ar\/index.php\/wp-json\/wp\/v2\/posts\/799"}],"collection":[{"href":"https:\/\/www.fundacionedison.org.ar\/index.php\/wp-json\/wp\/v2\/posts"}],"about":[{"href":"https:\/\/www.fundacionedison.org.ar\/index.php\/wp-json\/wp\/v2\/types\/post"}],"author":[{"embeddable":true,"href":"https:\/\/www.fundacionedison.org.ar\/index.php\/wp-json\/wp\/v2\/users\/1"}],"replies":[{"embeddable":true,"href":"https:\/\/www.fundacionedison.org.ar\/index.php\/wp-json\/wp\/v2\/comments?post=799"}],"version-history":[{"count":4,"href":"https:\/\/www.fundacionedison.org.ar\/index.php\/wp-json\/wp\/v2\/posts\/799\/revisions"}],"predecessor-version":[{"id":805,"href":"https:\/\/www.fundacionedison.org.ar\/index.php\/wp-json\/wp\/v2\/posts\/799\/revisions\/805"}],"wp:featuredmedia":[{"embeddable":true,"href":"https:\/\/www.fundacionedison.org.ar\/index.php\/wp-json\/wp\/v2\/media\/801"}],"wp:attachment":[{"href":"https:\/\/www.fundacionedison.org.ar\/index.php\/wp-json\/wp\/v2\/media?parent=799"}],"wp:term":[{"taxonomy":"category","embeddable":true,"href":"https:\/\/www.fundacionedison.org.ar\/index.php\/wp-json\/wp\/v2\/categories?post=799"},{"taxonomy":"post_tag","embeddable":true,"href":"https:\/\/www.fundacionedison.org.ar\/index.php\/wp-json\/wp\/v2\/tags?post=799"}],"curies":[{"name":"wp","href":"https:\/\/api.w.org\/{rel}","templated":true}]}}