{"id":778,"date":"2025-06-20T21:23:01","date_gmt":"2025-06-21T00:23:01","guid":{"rendered":"https:\/\/www.fundacionedison.org.ar\/?p=778"},"modified":"2025-06-20T21:33:23","modified_gmt":"2025-06-21T00:33:23","slug":"convenio-de-colaboracion-entre-los-institutos-superior-tomas-alva-edison-y-9-008-manuel-belgrano","status":"publish","type":"post","link":"https:\/\/www.fundacionedison.org.ar\/index.php\/2025\/06\/20\/convenio-de-colaboracion-entre-los-institutos-superior-tomas-alva-edison-y-9-008-manuel-belgrano\/","title":{"rendered":"Convenio de Colaboraci\u00f3n entre los Institutos de educaci\u00f3n  Superior  Tom\u00e1s Alva Edison y 9-008 Manuel Belgrano"},"content":{"rendered":"<p data-start=\"189\" data-end=\"522\">Con gran entusiasmo anunciamos la firma del convenio de colaboraci\u00f3n entre el Instituto Tom\u00e1s Alva Edison y el Instituto de Educaci\u00f3n Superior 9-008 Manuel Belgrano. Este acuerdo representa un paso estrat\u00e9gico hacia la promoci\u00f3n conjunta de la inteligencia artificial, la rob\u00f3tica y otras \u00e1reas tecnol\u00f3gicas aplicadas a la educaci\u00f3n.<\/p>\n<p data-start=\"524\" data-end=\"866\">La alianza tiene como objetivo impulsar proyectos innovadores, fomentar el trabajo interdisciplinario y ofrecer nuevas oportunidades de formaci\u00f3n tanto para estudiantes como para docentes. Esta articulaci\u00f3n institucional abre las puertas al desarrollo de iniciativas conjuntas que conecten la educaci\u00f3n t\u00e9cnica con los desaf\u00edos del siglo XXI.<\/p>\n<p data-start=\"868\" data-end=\"1018\">Creemos firmemente que la tecnolog\u00eda es una herramienta clave para transformar el presente y construir un futuro m\u00e1s inclusivo, creativo y sostenible.<\/p>\n<div id='gallery-1' class='gallery galleryid-778 gallery-columns-3 gallery-size-thumbnail'><figure class='gallery-item'>\n\t\t\t<div class='gallery-icon landscape'>\n\t\t\t\t<a href='https:\/\/www.fundacionedison.org.ar\/index.php\/2025\/06\/20\/convenio-de-colaboracion-entre-los-institutos-superior-tomas-alva-edison-y-9-008-manuel-belgrano\/sin-titulo-2\/'><img width=\"150\" height=\"150\" src=\"https:\/\/www.fundacionedison.org.ar\/wp-content\/uploads\/2025\/06\/Sin-titulo-2-150x150.png\" class=\"attachment-thumbnail size-thumbnail\" alt=\"\" loading=\"lazy\" \/><\/a>\n\t\t\t<\/div><\/figure><figure class='gallery-item'>\n\t\t\t<div class='gallery-icon landscape'>\n\t\t\t\t<a href='https:\/\/www.fundacionedison.org.ar\/index.php\/2025\/06\/20\/convenio-de-colaboracion-entre-los-institutos-superior-tomas-alva-edison-y-9-008-manuel-belgrano\/sin-titulo-4\/'><img width=\"150\" height=\"150\" src=\"https:\/\/www.fundacionedison.org.ar\/wp-content\/uploads\/2025\/06\/Sin-titulo-150x150.png\" class=\"attachment-thumbnail size-thumbnail\" alt=\"\" loading=\"lazy\" \/><\/a>\n\t\t\t<\/div><\/figure><figure class='gallery-item'>\n\t\t\t<div class='gallery-icon landscape'>\n\t\t\t\t<a href='https:\/\/www.fundacionedison.org.ar\/index.php\/2025\/06\/20\/convenio-de-colaboracion-entre-los-institutos-superior-tomas-alva-edison-y-9-008-manuel-belgrano\/sin-titulo-3\/'><img width=\"150\" height=\"150\" src=\"https:\/\/www.fundacionedison.org.ar\/wp-content\/uploads\/2025\/06\/Sin-titulo-3-150x150.png\" class=\"attachment-thumbnail size-thumbnail\" alt=\"\" loading=\"lazy\" \/><\/a>\n\t\t\t<\/div><\/figure>\n\t\t<\/div>\n\n","protected":false},"excerpt":{"rendered":"<p>Con gran entusiasmo anunciamos la firma del convenio de colaboraci\u00f3n entre el Instituto Tom\u00e1s Alva Edison y el Instituto de Educaci\u00f3n Superior 9-008 Manuel Belgrano. Este acuerdo representa un paso estrat\u00e9gico hacia la promoci\u00f3n conjunta de la inteligencia artificial, la rob\u00f3tica y otras \u00e1reas tecnol\u00f3gicas aplicadas a la educaci\u00f3n. La alianza tiene como objetivo impulsar [&hellip;]<\/p>\n","protected":false},"author":1,"featured_media":780,"comment_status":"closed","ping_status":"open","sticky":false,"template":"","format":"standard","meta":[],"categories":[23,22],"tags":[],"acf":[],"_links":{"self":[{"href":"https:\/\/www.fundacionedison.org.ar\/index.php\/wp-json\/wp\/v2\/posts\/778"}],"collection":[{"href":"https:\/\/www.fundacionedison.org.ar\/index.php\/wp-json\/wp\/v2\/posts"}],"about":[{"href":"https:\/\/www.fundacionedison.org.ar\/index.php\/wp-json\/wp\/v2\/types\/post"}],"author":[{"embeddable":true,"href":"https:\/\/www.fundacionedison.org.ar\/index.php\/wp-json\/wp\/v2\/users\/1"}],"replies":[{"embeddable":true,"href":"https:\/\/www.fundacionedison.org.ar\/index.php\/wp-json\/wp\/v2\/comments?post=778"}],"version-history":[{"count":2,"href":"https:\/\/www.fundacionedison.org.ar\/index.php\/wp-json\/wp\/v2\/posts\/778\/revisions"}],"predecessor-version":[{"id":783,"href":"https:\/\/www.fundacionedison.org.ar\/index.php\/wp-json\/wp\/v2\/posts\/778\/revisions\/783"}],"wp:featuredmedia":[{"embeddable":true,"href":"https:\/\/www.fundacionedison.org.ar\/index.php\/wp-json\/wp\/v2\/media\/780"}],"wp:attachment":[{"href":"https:\/\/www.fundacionedison.org.ar\/index.php\/wp-json\/wp\/v2\/media?parent=778"}],"wp:term":[{"taxonomy":"category","embeddable":true,"href":"https:\/\/www.fundacionedison.org.ar\/index.php\/wp-json\/wp\/v2\/categories?post=778"},{"taxonomy":"post_tag","embeddable":true,"href":"https:\/\/www.fundacionedison.org.ar\/index.php\/wp-json\/wp\/v2\/tags?post=778"}],"curies":[{"name":"wp","href":"https:\/\/api.w.org\/{rel}","templated":true}]}}