{"id":751,"date":"2025-02-23T10:42:54","date_gmt":"2025-02-23T13:42:54","guid":{"rendered":"https:\/\/www.fundacionedison.org.ar\/?p=751"},"modified":"2025-02-23T10:42:54","modified_gmt":"2025-02-23T13:42:54","slug":"estudiantes-del-colegio-tomas-alva-edison-venden-uva-para-financiar-su-viaje-al-mundial-de-robotica","status":"publish","type":"post","link":"https:\/\/www.fundacionedison.org.ar\/index.php\/2025\/02\/23\/estudiantes-del-colegio-tomas-alva-edison-venden-uva-para-financiar-su-viaje-al-mundial-de-robotica\/","title":{"rendered":"Estudiantes del Colegio Tom\u00e1s Alva Edison venden uva para financiar su viaje al mundial de rob\u00f3tica"},"content":{"rendered":"<p>De jueves a domingos, siempre de tarde, los estudiantes del Colegio Tom\u00e1s Alva Edison venden uva fresca frente a la Fuente de los Continentes, en el Parque.<\/p>\n<p><a href=\"https:\/\/www.diariouno.com.ar\/sociedad\/estudiantes-del-colegio-tomas-alva-edison-venden-uva-financiar-su-viaje-al-mundial-robotica-n1401204#:~:text=Historias-,Estudiantes%20del%20Colegio%20Tom%C3%A1s%20Alva%20Edison%20venden%20uva%20para,viaje%20al%20mundial%20de%20rob%C3%B3tica&amp;text=Estudiantes%20del%20colegio%20Tom%C3%A1s%20Edison,viaje%20al%20mundial%20de%20rob%C3%B3tica.\">Leer m\u00e1s\u00a0<\/a><\/p>\n","protected":false},"excerpt":{"rendered":"<p>De jueves a domingos, siempre de tarde, los estudiantes del Colegio Tom\u00e1s Alva Edison venden uva fresca frente a la Fuente de los Continentes, en el Parque. Leer m\u00e1s\u00a0<\/p>\n","protected":false},"author":1,"featured_media":752,"comment_status":"closed","ping_status":"open","sticky":false,"template":"","format":"standard","meta":[],"categories":[1],"tags":[],"acf":[],"_links":{"self":[{"href":"https:\/\/www.fundacionedison.org.ar\/index.php\/wp-json\/wp\/v2\/posts\/751"}],"collection":[{"href":"https:\/\/www.fundacionedison.org.ar\/index.php\/wp-json\/wp\/v2\/posts"}],"about":[{"href":"https:\/\/www.fundacionedison.org.ar\/index.php\/wp-json\/wp\/v2\/types\/post"}],"author":[{"embeddable":true,"href":"https:\/\/www.fundacionedison.org.ar\/index.php\/wp-json\/wp\/v2\/users\/1"}],"replies":[{"embeddable":true,"href":"https:\/\/www.fundacionedison.org.ar\/index.php\/wp-json\/wp\/v2\/comments?post=751"}],"version-history":[{"count":1,"href":"https:\/\/www.fundacionedison.org.ar\/index.php\/wp-json\/wp\/v2\/posts\/751\/revisions"}],"predecessor-version":[{"id":753,"href":"https:\/\/www.fundacionedison.org.ar\/index.php\/wp-json\/wp\/v2\/posts\/751\/revisions\/753"}],"wp:featuredmedia":[{"embeddable":true,"href":"https:\/\/www.fundacionedison.org.ar\/index.php\/wp-json\/wp\/v2\/media\/752"}],"wp:attachment":[{"href":"https:\/\/www.fundacionedison.org.ar\/index.php\/wp-json\/wp\/v2\/media?parent=751"}],"wp:term":[{"taxonomy":"category","embeddable":true,"href":"https:\/\/www.fundacionedison.org.ar\/index.php\/wp-json\/wp\/v2\/categories?post=751"},{"taxonomy":"post_tag","embeddable":true,"href":"https:\/\/www.fundacionedison.org.ar\/index.php\/wp-json\/wp\/v2\/tags?post=751"}],"curies":[{"name":"wp","href":"https:\/\/api.w.org\/{rel}","templated":true}]}}