{"id":652,"date":"2024-12-31T07:11:50","date_gmt":"2024-12-31T10:11:50","guid":{"rendered":"https:\/\/www.fundacionedison.org.ar\/?p=652"},"modified":"2024-12-31T07:11:55","modified_gmt":"2024-12-31T10:11:55","slug":"itu-y-fundacion-tomas-alva-edison-formando-futuros-en-robotica","status":"publish","type":"post","link":"https:\/\/www.fundacionedison.org.ar\/index.php\/2024\/12\/31\/itu-y-fundacion-tomas-alva-edison-formando-futuros-en-robotica\/","title":{"rendered":"ITU y Fundaci\u00f3n Tom\u00e1s Alva Edison: \u00a1Formando futuros en rob\u00f3tica!"},"content":{"rendered":"<p>\u00a1Estamos muy emocionados con la alianza entre el ITU de la Universidad Nacional de Cuyo y la Fundaci\u00f3n Tom\u00e1s Alva Edison! Esta colaboraci\u00f3n permitir\u00e1 que estudiantes del ITU act\u00faen como mentores de nuestros j\u00f3venes talentos en rob\u00f3tica, gui\u00e1ndolos en el armado y la programaci\u00f3n de su robot para la Competencia Mundial de Rob\u00f3tica FIRST Championship en Houston. Creemos que esta experiencia ser\u00e1 enriquecedora tanto para los mentores como para nuestros estudiantes, fomentando el trabajo en equipo, la transferencia de conocimientos y la pasi\u00f3n por la tecnolog\u00eda. \u00a1Un gran paso para impulsar el desarrollo de futuros profesionales en el campo de la rob\u00f3tica! #Rob\u00f3tica #Mentoreo #Innovaci\u00f3n #CompetenciaMundial #Fundaci\u00f3nTom\u00e1sAlvaEdison #ITU<\/p>\n<p><img loading=\"lazy\" class=\"alignnone size-medium wp-image-653\" src=\"https:\/\/www.fundacionedison.org.ar\/wp-content\/uploads\/2024\/12\/itu-300x284.png\" alt=\"\" width=\"300\" height=\"284\" srcset=\"https:\/\/www.fundacionedison.org.ar\/wp-content\/uploads\/2024\/12\/itu-300x284.png 300w, https:\/\/www.fundacionedison.org.ar\/wp-content\/uploads\/2024\/12\/itu-768x726.png 768w, https:\/\/www.fundacionedison.org.ar\/wp-content\/uploads\/2024\/12\/itu.png 785w\" sizes=\"(max-width: 300px) 100vw, 300px\" \/><\/p>\n","protected":false},"excerpt":{"rendered":"<p>\u00a1Estamos muy emocionados con la alianza entre el ITU de la Universidad Nacional de Cuyo y la Fundaci\u00f3n Tom\u00e1s Alva Edison! Esta colaboraci\u00f3n permitir\u00e1 que estudiantes del ITU act\u00faen como mentores de nuestros j\u00f3venes talentos en rob\u00f3tica, gui\u00e1ndolos en el armado y la programaci\u00f3n de su robot para la Competencia Mundial de Rob\u00f3tica FIRST Championship [&hellip;]<\/p>\n","protected":false},"author":1,"featured_media":653,"comment_status":"closed","ping_status":"open","sticky":false,"template":"","format":"standard","meta":[],"categories":[23,22],"tags":[],"acf":[],"_links":{"self":[{"href":"https:\/\/www.fundacionedison.org.ar\/index.php\/wp-json\/wp\/v2\/posts\/652"}],"collection":[{"href":"https:\/\/www.fundacionedison.org.ar\/index.php\/wp-json\/wp\/v2\/posts"}],"about":[{"href":"https:\/\/www.fundacionedison.org.ar\/index.php\/wp-json\/wp\/v2\/types\/post"}],"author":[{"embeddable":true,"href":"https:\/\/www.fundacionedison.org.ar\/index.php\/wp-json\/wp\/v2\/users\/1"}],"replies":[{"embeddable":true,"href":"https:\/\/www.fundacionedison.org.ar\/index.php\/wp-json\/wp\/v2\/comments?post=652"}],"version-history":[{"count":1,"href":"https:\/\/www.fundacionedison.org.ar\/index.php\/wp-json\/wp\/v2\/posts\/652\/revisions"}],"predecessor-version":[{"id":654,"href":"https:\/\/www.fundacionedison.org.ar\/index.php\/wp-json\/wp\/v2\/posts\/652\/revisions\/654"}],"wp:featuredmedia":[{"embeddable":true,"href":"https:\/\/www.fundacionedison.org.ar\/index.php\/wp-json\/wp\/v2\/media\/653"}],"wp:attachment":[{"href":"https:\/\/www.fundacionedison.org.ar\/index.php\/wp-json\/wp\/v2\/media?parent=652"}],"wp:term":[{"taxonomy":"category","embeddable":true,"href":"https:\/\/www.fundacionedison.org.ar\/index.php\/wp-json\/wp\/v2\/categories?post=652"},{"taxonomy":"post_tag","embeddable":true,"href":"https:\/\/www.fundacionedison.org.ar\/index.php\/wp-json\/wp\/v2\/tags?post=652"}],"curies":[{"name":"wp","href":"https:\/\/api.w.org\/{rel}","templated":true}]}}