{"id":565,"date":"2023-07-22T10:11:34","date_gmt":"2023-07-22T13:11:34","guid":{"rendered":"https:\/\/www.fundacionedison.org.ar\/?p=565"},"modified":"2023-07-22T10:14:11","modified_gmt":"2023-07-22T13:14:11","slug":"ciudad-de-los-ninos-tecnologica","status":"publish","type":"post","link":"https:\/\/www.fundacionedison.org.ar\/index.php\/2023\/07\/22\/ciudad-de-los-ninos-tecnologica\/","title":{"rendered":"Ciudad de los ni\u00f1os tecnol\u00f3gica"},"content":{"rendered":"<p style=\"text-align: left;\">Estamos muy felices de participar en el proyecto \u201cCiudad de los ni\u00f1os tecnol\u00f3gica\u201d, una iniciativa conjunta de la Direcci\u00f3n de Cultura de la Municipalidad de la Ciudad de Mendoza y la Fundaci\u00f3n Tom\u00e1s Alva Edison. El objetivo de este proyecto es ofrecer 6 \u00e1reas donde los ni\u00f1os puedan desarrollar su creatividad, experimentaci\u00f3n, programaci\u00f3n, impresi\u00f3n 3D, rob\u00f3tica, realidad virtual y deportes electr\u00f3nicos. Este \u00faltimo ha conseguido motivar a los ni\u00f1os\/as y j\u00f3venes a salir de sus habitaciones y compartir torneos e intercambios de experiencias. Ha sido muy gratificante ver a abuelos, padres y nietos aprendiendo y disfrutando juntos de una actividad que lo tiene todo. Quieremos\u00a0 agradecer a todos los que han hecho posible este encuentro, tanto a los colaboradores de la fundaci\u00f3n como del municipio. Esto demuestra que cuando lo p\u00fablico y lo privado se al\u00edan se logran grandes cosas. Les comparto algunas fotos de estos momentos tan bonitos.<\/p>\n<div style=\"width: 480px;\" class=\"wp-video\"><!--[if lt IE 9]><script>document.createElement('video');<\/script><![endif]-->\n<video class=\"wp-video-shortcode\" id=\"video-565-1\" width=\"480\" height=\"848\" preload=\"metadata\" controls=\"controls\"><source type=\"video\/mp4\" src=\"https:\/\/www.fundacionedison.org.ar\/wp-content\/uploads\/2023\/07\/ciudad-de-los-ninos.mp4?_=1\" \/><a href=\"https:\/\/www.fundacionedison.org.ar\/wp-content\/uploads\/2023\/07\/ciudad-de-los-ninos.mp4\">https:\/\/www.fundacionedison.org.ar\/wp-content\/uploads\/2023\/07\/ciudad-de-los-ninos.mp4<\/a><\/video><\/div>\n<div style=\"width: 480px;\" class=\"wp-video\"><video class=\"wp-video-shortcode\" id=\"video-565-2\" width=\"480\" height=\"816\" preload=\"metadata\" controls=\"controls\"><source type=\"video\/mp4\" src=\"https:\/\/www.fundacionedison.org.ar\/wp-content\/uploads\/2023\/07\/WhatsApp-Video-2023-07-11-at-16.56.09.mp4?_=2\" \/><a href=\"https:\/\/www.fundacionedison.org.ar\/wp-content\/uploads\/2023\/07\/WhatsApp-Video-2023-07-11-at-16.56.09.mp4\">https:\/\/www.fundacionedison.org.ar\/wp-content\/uploads\/2023\/07\/WhatsApp-Video-2023-07-11-at-16.56.09.mp4<\/a><\/video><\/div>\n","protected":false},"excerpt":{"rendered":"<p>Estamos muy felices de participar en el proyecto \u201cCiudad de los ni\u00f1os tecnol\u00f3gica\u201d, una iniciativa conjunta de la Direcci\u00f3n de Cultura de la Municipalidad de la Ciudad de Mendoza y la Fundaci\u00f3n Tom\u00e1s Alva Edison. El objetivo de este proyecto es ofrecer 6 \u00e1reas donde los ni\u00f1os puedan desarrollar su creatividad, experimentaci\u00f3n, programaci\u00f3n, impresi\u00f3n 3D, [&hellip;]<\/p>\n","protected":false},"author":1,"featured_media":571,"comment_status":"closed","ping_status":"open","sticky":false,"template":"","format":"standard","meta":[],"categories":[22],"tags":[],"acf":[],"_links":{"self":[{"href":"https:\/\/www.fundacionedison.org.ar\/index.php\/wp-json\/wp\/v2\/posts\/565"}],"collection":[{"href":"https:\/\/www.fundacionedison.org.ar\/index.php\/wp-json\/wp\/v2\/posts"}],"about":[{"href":"https:\/\/www.fundacionedison.org.ar\/index.php\/wp-json\/wp\/v2\/types\/post"}],"author":[{"embeddable":true,"href":"https:\/\/www.fundacionedison.org.ar\/index.php\/wp-json\/wp\/v2\/users\/1"}],"replies":[{"embeddable":true,"href":"https:\/\/www.fundacionedison.org.ar\/index.php\/wp-json\/wp\/v2\/comments?post=565"}],"version-history":[{"count":3,"href":"https:\/\/www.fundacionedison.org.ar\/index.php\/wp-json\/wp\/v2\/posts\/565\/revisions"}],"predecessor-version":[{"id":572,"href":"https:\/\/www.fundacionedison.org.ar\/index.php\/wp-json\/wp\/v2\/posts\/565\/revisions\/572"}],"wp:featuredmedia":[{"embeddable":true,"href":"https:\/\/www.fundacionedison.org.ar\/index.php\/wp-json\/wp\/v2\/media\/571"}],"wp:attachment":[{"href":"https:\/\/www.fundacionedison.org.ar\/index.php\/wp-json\/wp\/v2\/media?parent=565"}],"wp:term":[{"taxonomy":"category","embeddable":true,"href":"https:\/\/www.fundacionedison.org.ar\/index.php\/wp-json\/wp\/v2\/categories?post=565"},{"taxonomy":"post_tag","embeddable":true,"href":"https:\/\/www.fundacionedison.org.ar\/index.php\/wp-json\/wp\/v2\/tags?post=565"}],"curies":[{"name":"wp","href":"https:\/\/api.w.org\/{rel}","templated":true}]}}