{"id":561,"date":"2023-07-24T11:37:46","date_gmt":"2023-07-24T14:37:46","guid":{"rendered":"https:\/\/www.fundacionedison.org.ar\/?p=561"},"modified":"2023-07-24T11:37:46","modified_gmt":"2023-07-24T14:37:46","slug":"avanza-la-colocacion-de-la-antena-en-lavalle","status":"publish","type":"post","link":"https:\/\/www.fundacionedison.org.ar\/index.php\/2023\/07\/24\/avanza-la-colocacion-de-la-antena-en-lavalle\/","title":{"rendered":"Avanza la colocaci\u00f3n de la antena en Lavalle"},"content":{"rendered":"<p>Gracias a la visi\u00f3n y compromiso de la Fundaci\u00f3n Frida, junto a Nuestra Mendoza, la Municipalidad de Lavalle, la empresa Interluz y la Fundaci\u00f3n Tom\u00e1s Alva Edison, hemos logrado la instalaci\u00f3n de una antena con conexi\u00f3n a energ\u00eda solar en la Comunidad Huarpe. Esta importante iniciativa es un claro ejemplo del poder transformador que surge cuando las organizaciones sociales, el gobierno y las empresas privadas se unen en pos de un objetivo com\u00fan.<\/p>\n<p>Con esta antena, hemos acortado la brecha digital en una comunidad de Pueblos Originarios, permitiendo el acceso a internet y abriendo un mundo de oportunidades para sus habitantes. Ahora su cultura podr\u00e1 trascender fronteras y conectarse con el resto del mundo, fomentando as\u00ed el intercambio de conocimientos, la inclusi\u00f3n social y el desarrollo comunitario.<\/p>\n<p>Queremos expresar nuestra m\u00e1s sincera gratitud a cada una de las entidades que han formado parte de este proyecto. Su compromiso y esfuerzo conjunto han hecho posible este logro tan significativo.<\/p>\n<p>\u00a1 Sigamos adelante en esta maravillosa labor!<\/p>\n<p>&nbsp;<\/p>\n<p><img loading=\"lazy\" class=\"alignnone size-medium wp-image-580\" src=\"https:\/\/www.fundacionedison.org.ar\/wp-content\/uploads\/2023\/07\/PHOTO-2023-07-21-12-42-17-2-225x300.jpg\" alt=\"\" width=\"225\" height=\"300\" srcset=\"https:\/\/www.fundacionedison.org.ar\/wp-content\/uploads\/2023\/07\/PHOTO-2023-07-21-12-42-17-2-225x300.jpg 225w, https:\/\/www.fundacionedison.org.ar\/wp-content\/uploads\/2023\/07\/PHOTO-2023-07-21-12-42-17-2-768x1024.jpg 768w, https:\/\/www.fundacionedison.org.ar\/wp-content\/uploads\/2023\/07\/PHOTO-2023-07-21-12-42-17-2-1152x1536.jpg 1152w, https:\/\/www.fundacionedison.org.ar\/wp-content\/uploads\/2023\/07\/PHOTO-2023-07-21-12-42-17-2.jpg 1200w\" sizes=\"(max-width: 225px) 100vw, 225px\" \/><img loading=\"lazy\" class=\"alignnone size-medium wp-image-581\" src=\"https:\/\/www.fundacionedison.org.ar\/wp-content\/uploads\/2023\/07\/PHOTO-2023-07-21-12-42-18-225x300.jpg\" alt=\"\" width=\"225\" height=\"300\" srcset=\"https:\/\/www.fundacionedison.org.ar\/wp-content\/uploads\/2023\/07\/PHOTO-2023-07-21-12-42-18-225x300.jpg 225w, https:\/\/www.fundacionedison.org.ar\/wp-content\/uploads\/2023\/07\/PHOTO-2023-07-21-12-42-18-768x1024.jpg 768w, https:\/\/www.fundacionedison.org.ar\/wp-content\/uploads\/2023\/07\/PHOTO-2023-07-21-12-42-18-1152x1536.jpg 1152w, https:\/\/www.fundacionedison.org.ar\/wp-content\/uploads\/2023\/07\/PHOTO-2023-07-21-12-42-18.jpg 1200w\" sizes=\"(max-width: 225px) 100vw, 225px\" \/><img loading=\"lazy\" class=\"alignnone size-medium wp-image-579\" src=\"https:\/\/www.fundacionedison.org.ar\/wp-content\/uploads\/2023\/07\/PHOTO-2023-07-21-12-42-17-1-225x300.jpg\" alt=\"\" width=\"225\" height=\"300\" srcset=\"https:\/\/www.fundacionedison.org.ar\/wp-content\/uploads\/2023\/07\/PHOTO-2023-07-21-12-42-17-1-225x300.jpg 225w, https:\/\/www.fundacionedison.org.ar\/wp-content\/uploads\/2023\/07\/PHOTO-2023-07-21-12-42-17-1-768x1024.jpg 768w, https:\/\/www.fundacionedison.org.ar\/wp-content\/uploads\/2023\/07\/PHOTO-2023-07-21-12-42-17-1-1152x1536.jpg 1152w, https:\/\/www.fundacionedison.org.ar\/wp-content\/uploads\/2023\/07\/PHOTO-2023-07-21-12-42-17-1.jpg 1200w\" sizes=\"(max-width: 225px) 100vw, 225px\" \/><\/p>\n<p>&nbsp;<\/p>\n<div style=\"width: 480px;\" class=\"wp-video\"><!--[if lt IE 9]><script>document.createElement('video');<\/script><![endif]-->\n<video class=\"wp-video-shortcode\" id=\"video-561-1\" width=\"480\" height=\"848\" preload=\"metadata\" controls=\"controls\"><source type=\"video\/mp4\" src=\"https:\/\/www.fundacionedison.org.ar\/wp-content\/uploads\/2023\/07\/VIDEO-2023-07-24-09-28-44.mp4?_=1\" \/><a href=\"https:\/\/www.fundacionedison.org.ar\/wp-content\/uploads\/2023\/07\/VIDEO-2023-07-24-09-28-44.mp4\">https:\/\/www.fundacionedison.org.ar\/wp-content\/uploads\/2023\/07\/VIDEO-2023-07-24-09-28-44.mp4<\/a><\/video><\/div>\n<p>&nbsp;<\/p>\n<p>&nbsp;<\/p>\n<p>&nbsp;<\/p>\n","protected":false},"excerpt":{"rendered":"<p>Gracias a la visi\u00f3n y compromiso de la Fundaci\u00f3n Frida, junto a Nuestra Mendoza, la Municipalidad de Lavalle, la empresa Interluz y la Fundaci\u00f3n Tom\u00e1s Alva Edison, hemos logrado la instalaci\u00f3n de una antena con conexi\u00f3n a energ\u00eda solar en la Comunidad Huarpe. Esta importante iniciativa es un claro ejemplo del poder transformador que surge [&hellip;]<\/p>\n","protected":false},"author":1,"featured_media":588,"comment_status":"closed","ping_status":"open","sticky":false,"template":"","format":"standard","meta":[],"categories":[1],"tags":[],"acf":[],"_links":{"self":[{"href":"https:\/\/www.fundacionedison.org.ar\/index.php\/wp-json\/wp\/v2\/posts\/561"}],"collection":[{"href":"https:\/\/www.fundacionedison.org.ar\/index.php\/wp-json\/wp\/v2\/posts"}],"about":[{"href":"https:\/\/www.fundacionedison.org.ar\/index.php\/wp-json\/wp\/v2\/types\/post"}],"author":[{"embeddable":true,"href":"https:\/\/www.fundacionedison.org.ar\/index.php\/wp-json\/wp\/v2\/users\/1"}],"replies":[{"embeddable":true,"href":"https:\/\/www.fundacionedison.org.ar\/index.php\/wp-json\/wp\/v2\/comments?post=561"}],"version-history":[{"count":2,"href":"https:\/\/www.fundacionedison.org.ar\/index.php\/wp-json\/wp\/v2\/posts\/561\/revisions"}],"predecessor-version":[{"id":587,"href":"https:\/\/www.fundacionedison.org.ar\/index.php\/wp-json\/wp\/v2\/posts\/561\/revisions\/587"}],"wp:featuredmedia":[{"embeddable":true,"href":"https:\/\/www.fundacionedison.org.ar\/index.php\/wp-json\/wp\/v2\/media\/588"}],"wp:attachment":[{"href":"https:\/\/www.fundacionedison.org.ar\/index.php\/wp-json\/wp\/v2\/media?parent=561"}],"wp:term":[{"taxonomy":"category","embeddable":true,"href":"https:\/\/www.fundacionedison.org.ar\/index.php\/wp-json\/wp\/v2\/categories?post=561"},{"taxonomy":"post_tag","embeddable":true,"href":"https:\/\/www.fundacionedison.org.ar\/index.php\/wp-json\/wp\/v2\/tags?post=561"}],"curies":[{"name":"wp","href":"https:\/\/api.w.org\/{rel}","templated":true}]}}