{"id":541,"date":"2023-06-06T10:13:13","date_gmt":"2023-06-06T13:13:13","guid":{"rendered":"https:\/\/www.fundacionedison.org.ar\/?p=541"},"modified":"2023-06-26T11:14:17","modified_gmt":"2023-06-26T14:14:17","slug":"concurso-dia-del-ambiente-premio-halpern-y-fundacion-tomas-alva-edison-a-la-innovacion-en-soluciones-tecnologicas-para-el-cuidado-y-uso-eficiente-del-agua","status":"publish","type":"post","link":"https:\/\/www.fundacionedison.org.ar\/index.php\/2023\/06\/06\/concurso-dia-del-ambiente-premio-halpern-y-fundacion-tomas-alva-edison-a-la-innovacion-en-soluciones-tecnologicas-para-el-cuidado-y-uso-eficiente-del-agua\/","title":{"rendered":"Concurso D\u00eda del Ambiente: &#8220;Premio Halpern y Fundaci\u00f3n Tom\u00e1s Alva Edison a la innovaci\u00f3n en soluciones tecnol\u00f3gicas para el cuidado y uso eficiente del agua&#8221;."},"content":{"rendered":"<div>\n<p>&nbsp;<\/p>\n<p style=\"text-align: center;\">IMPORTANTE<\/p>\n<p style=\"text-align: center;\">\u26a0\ufe0f Extendemos el plazo para la presentaci\u00f3n de trabajos hasta el 31 de julio de 2023 \u26a0\ufe0f<\/p>\n<p>La Fundaci\u00f3n Tom\u00e1s Alva Edison y Halpern se unen para convocar a j\u00f3venes de nivel secundario y universitario a participar en un concurso enfocado en tem\u00e1ticas relacionadas con el agua y la tecnolog\u00eda.<\/p>\n<\/div>\n<div>\n<p>Este concurso tiene como objetivo fomentar el inter\u00e9s de los estudiantes por el estudio y la investigaci\u00f3n en torno a la importancia del agua y c\u00f3mo la tecnolog\u00eda puede desempe\u00f1ar un papel crucial en su conservaci\u00f3n, tratamiento y uso sostenible.<\/p>\n<p>Los trabajos presentados deben ser originales y no haber sido publicados anteriormente.\u00a0 Los derechos de propiedad intelectual de los trabajos presentados pertenecer\u00e1n a sus respectivos autores.<\/p>\n<p>Gracias por su participaci\u00f3n. Le deseamos \u00e9xito en el Concurso!<\/p>\n<p>\ud83d\udc49Bases y condiciones del concurso<\/p>\n<p><a href=\"https:\/\/drive.google.com\/file\/d\/1E1zIFmDf9CEs1kayUDuva5YHR2NOpcNZ\/view?usp=sharing\">https:\/\/drive.google.com\/file\/d\/1E1zIFmDf9CEs1kayUDuva5YHR2NOpcNZ\/view?usp=sharing<\/a><\/p>\n<\/div>\n","protected":false},"excerpt":{"rendered":"<p>&nbsp; IMPORTANTE \u26a0\ufe0f Extendemos el plazo para la presentaci\u00f3n de trabajos hasta el 31 de julio de 2023 \u26a0\ufe0f La Fundaci\u00f3n Tom\u00e1s Alva Edison y Halpern se unen para convocar a j\u00f3venes de nivel secundario y universitario a participar en un concurso enfocado en tem\u00e1ticas relacionadas con el agua y la tecnolog\u00eda. Este concurso tiene [&hellip;]<\/p>\n","protected":false},"author":1,"featured_media":551,"comment_status":"closed","ping_status":"open","sticky":false,"template":"","format":"standard","meta":[],"categories":[22],"tags":[],"acf":[],"_links":{"self":[{"href":"https:\/\/www.fundacionedison.org.ar\/index.php\/wp-json\/wp\/v2\/posts\/541"}],"collection":[{"href":"https:\/\/www.fundacionedison.org.ar\/index.php\/wp-json\/wp\/v2\/posts"}],"about":[{"href":"https:\/\/www.fundacionedison.org.ar\/index.php\/wp-json\/wp\/v2\/types\/post"}],"author":[{"embeddable":true,"href":"https:\/\/www.fundacionedison.org.ar\/index.php\/wp-json\/wp\/v2\/users\/1"}],"replies":[{"embeddable":true,"href":"https:\/\/www.fundacionedison.org.ar\/index.php\/wp-json\/wp\/v2\/comments?post=541"}],"version-history":[{"count":3,"href":"https:\/\/www.fundacionedison.org.ar\/index.php\/wp-json\/wp\/v2\/posts\/541\/revisions"}],"predecessor-version":[{"id":552,"href":"https:\/\/www.fundacionedison.org.ar\/index.php\/wp-json\/wp\/v2\/posts\/541\/revisions\/552"}],"wp:featuredmedia":[{"embeddable":true,"href":"https:\/\/www.fundacionedison.org.ar\/index.php\/wp-json\/wp\/v2\/media\/551"}],"wp:attachment":[{"href":"https:\/\/www.fundacionedison.org.ar\/index.php\/wp-json\/wp\/v2\/media?parent=541"}],"wp:term":[{"taxonomy":"category","embeddable":true,"href":"https:\/\/www.fundacionedison.org.ar\/index.php\/wp-json\/wp\/v2\/categories?post=541"},{"taxonomy":"post_tag","embeddable":true,"href":"https:\/\/www.fundacionedison.org.ar\/index.php\/wp-json\/wp\/v2\/tags?post=541"}],"curies":[{"name":"wp","href":"https:\/\/api.w.org\/{rel}","templated":true}]}}